{"id":21779,"date":"2021-12-29T16:40:33","date_gmt":"2021-12-29T14:40:33","guid":{"rendered":"https:\/\/tartupoistekoor.ee\/tartu-linna-haridusosakonna-opetajastipendiumi-palvis-tartu-poistekoori-dirigent-sander-tamm\/"},"modified":"2025-12-05T18:26:59","modified_gmt":"2025-12-05T16:26:59","slug":"sander-tamm-dirizher-tartuskogo-hora-malchikov-poluchil-uchitelskuyu-stipendiyu-ot-departamenta-obrazovaniya-goroda-tartu","status":"publish","type":"post","link":"https:\/\/tartupoistekoor.ee\/ru\/sander-tamm-dirizher-tartuskogo-hora-malchikov-poluchil-uchitelskuyu-stipendiyu-ot-departamenta-obrazovaniya-goroda-tartu\/","title":{"rendered":"\u0421\u0430\u043d\u0434\u0435\u0440 \u0422\u0430\u043c\u043c, \u0434\u0438\u0440\u0438\u0436\u0435\u0440 \u0422\u0430\u0440\u0442\u0443\u0441\u043a\u043e\u0433\u043e \u0445\u043e\u0440\u0430 \u043c\u0430\u043b\u044c\u0447\u0438\u043a\u043e\u0432, \u043f\u043e\u043b\u0443\u0447\u0438\u043b \u0443\u0447\u0438\u0442\u0435\u043b\u044c\u0441\u043a\u0443\u044e \u0441\u0442\u0438\u043f\u0435\u043d\u0434\u0438\u044e \u043e\u0442 \u0414\u0435\u043f\u0430\u0440\u0442\u0430\u043c\u0435\u043d\u0442\u0430 \u043e\u0431\u0440\u0430\u0437\u043e\u0432\u0430\u043d\u0438\u044f \u0433\u043e\u0440\u043e\u0434\u0430 \u0422\u0430\u0440\u0442\u0443."},"content":{"rendered":"<p>Kord aastas valib Tartu Linna Haridusosakond v\u00e4ljapaistvad \u00f5petajad kellele eraldatakse kuni 1000 \u20ac meelep\u00e4rasel erialasel t\u00e4iend\u00f5ppel v\u00f5i koolitusel osalemiseks. K\u00e4esoleva aasta 29. detsembril p\u00e4lvis stipendiumi Tartu Poistekoori dirigent Sander Tamm ning veel 20 Tartu linna \u00f5petajat. Kokku laekus konkursile 38 taotlust, stipendiume k\u00fcsiti summas 33 868 \u20ac ning v\u00e4lja jagati 21 stipendiumit kogusummas 15 000 eurot.<\/p>\n<p><em>\u201cSander Tamm teeb oma t\u00f6\u00f6d s\u00fcdamega, sooviga poiste laulueeldusi igak\u00fclgselt arendada, neid suure muusika juurde viia ja maailma \u00fcheskoos avastada. Ta on suutnud praeguste noorte meeste sisemaailma emotsionaalsemaks muuta, s\u00fcstinud lauluarmastust, avardanud lauljate maailmavaadet ning palju muusikast tulenevat ilu, mida meenutada ning tulevikus oma lastele edasi anda<\/em><em>.\u201d<br \/>\n&#8212; Karlova Kooli direktor Heidi Kiuru.<\/em><em><br \/>\n<\/em><br \/>\n<em>\u201cTartu Poistekoori dirigendina pean oluliseks ammutada ideid aukartust\u00e4ratavate, pika ajaloo ja tugevate traditsioonidega kollektiividelt ning nende juhtidelt. Minu viimased kogemused p\u00e4rinevad Peterburi Glinka koorikolled\u017ei poistekoori ja maestro Beljajevilt, USAs Montana osariigis Missoula linnas toimunud Josep Vila Joveri ning Remigijus Adomaitise meistrikusruselt. \u00d5petajastipendiumi abil saan osaleda 15-24 juuli 2022 Leedus toimuval koorimuusika suurs\u00fcndmusel \u2013 Europa Cantat, kus kohtuvad koorid, dirigendid ning koorimuusika managerid \u00fcle maailma. T\u00e4nasel hetkel on festivali programmis kinnitatud kohtumised ja meistrikursused maestrotega: <\/em><em>Marleen Annemans, Elise Bradley, Christian Ronsfeld, Maud Hamon-Loisance, Valerija Skapiene, Petra Grassi, Basilio Astulezi, Elisenda Carrasco ja Hirvo Surva.\u201d \u2013 <\/em>Sander Tamm<\/p>\n<p>Stipendiumi saajad valis v\u00e4lja komisjon, kuhu kuulusid: Karin Pihl (Tartu linnavalitsuse haridusosakond), Mari-Ann Saluste (Tartu linnavalitsuse kultuuriosakond), Carolin Arnold (huvikoolide esindaja), Kristi Mumm (Tartu Koolijuhtide \u00dchendus), Marika K\u00f6rt (Tartu Linna Koolieelsete Lasteasutuste Juhtide \u00dchendus), Karin Soodla (Tartu linna aine\u00fchenduste juhtide esindaja),\u00a0 Karl P\u00fctsepp (Tartu Kultuurkapital).<\/p>\n<p>Sander Tamm t\u00f6\u00f6tab Tartu Karlova Koolis alates 2018. aastast. \u00fchendades oma kogemused Inglismaa ja Hiina poistekoori koolide t\u00f6\u00f6st saab publik Sanderi vahendusel osa tundek\u00fcllasest romantikast, r\u00fctmikast n\u00fc\u00fcdismuusikast, pop- ning gospelmuusikast, r\u00e4\u00e4kimata eesti heliloojate loomingust. Lauljad k\u00f5nelevad:\u00a0<em><br \/>\n\u201cSander ei tee hinnaalandust, vaid n\u00f5uab 100%.\u201d<br \/>\n\u201cTema p\u00fc\u00fcdlused \u00f5igete h\u00e4\u00e4le- ja hingamisharjutustega suure koori k\u00f5la paremaks muuta v\u00e4\u00e4rivad k\u00fc\u00fcnlaid.\u201d<br \/>\n\u201cSilmadest lausa purskas energiat ja motivatsiooni\u2013 suurep\u00e4rane!\u201d<br \/>\n\u201cSanderiga koost\u00f6\u00f6 tegemine andis kogu koorimuusikale t\u00e4iesti uue perspektiivi.\u201d<\/em><\/p>\n<p>Varasemalt on Sander Tamm p\u00e4lvinud Archimedese \u00f5petajatekoolituse stipendiumi 2013, Gustav Ernesaksa preemia 2013, Kultuurkapitali \u201cNoore Muusiku\u201d preemia 2013, Kuno Arengu stipendium 2013, Eesti Koori\u00fchingu aastapreemiad 2013 \u201cAasta tegu\u201d ja \u201cAasta korraldaja\u201d, Tartu Linna \u00d5petaja stipendiumi 2019, Tartu Karlova Kooli kolleegipreemia 2021.<\/p>\n<p>Ait\u00e4h Tartu linnavalitsuse haridusosakonnale ning Tartu Kultuurkapitalile stipendiumi eest. \u00d5nnitlused \u00f5petajatele: Mari Peetsalu, Triinu Aaviku, Monika Adamson, Kaisa Salm, Leila Merilo, Irina Palk, Tuuli Hiiesalu, Kaisa J\u00f5ela, Liis Rumm, Regita Saksing, Triin Arjus, Toomas J\u00fcrgenstein, Sander Tamm, Maarja Tamj\u00e4rv, Madli Vahtram\u00e4e, Siim Soonsein, Viktoria Zvarit\u0161, Maris Ootsing, Madli Maruste, Teele Vihmann, Ingrid Tiirats.<br \/>\n\u00d5ppimine teistelt v\u00f5imaldab maksimaalselt oma ja teiste potensiaali avada-teostada. Loob perspektiivi, kuidas luua midagi iseenda jaoks, luua seoseid teistega ja aidata neid selleni, milleks nad on kutsutud.<\/p>\n<p>Foto: Natali M. Ernits<\/p>\n","protected":false},"excerpt":{"rendered":"<p>Kord aastas valib Tartu Linna Haridusosakond v\u00e4ljapaistvad \u00f5petajad kellele eraldatakse kuni 1000 \u20ac meelep\u00e4rasel erialasel t\u00e4iend\u00f5ppel v\u00f5i koolitusel osalemiseks. K\u00e4esoleva aasta 29. detsembril p\u00e4lvis stipendiumi Tartu Poistekoori dirigent Sander Tamm ning veel 20 Tartu linna \u00f5petajat. Kokku laekus konkursile 38 taotlust, stipendiume k\u00fcsiti summas 33 868 \u20ac ning v\u00e4lja jagati 21 stipendiumit kogusummas 15 000&hellip;&nbsp;<a href=\"https:\/\/tartupoistekoor.ee\/ru\/sander-tamm-dirizher-tartuskogo-hora-malchikov-poluchil-uchitelskuyu-stipendiyu-ot-departamenta-obrazovaniya-goroda-tartu\/\" rel=\"bookmark\">\u041f\u043e\u0434\u0440\u043e\u0431\u043d\u0435\u0435 &raquo;<span class=\"screen-reader-text\">\u0421\u0430\u043d\u0434\u0435\u0440 \u0422\u0430\u043c\u043c, \u0434\u0438\u0440\u0438\u0436\u0435\u0440 \u0422\u0430\u0440\u0442\u0443\u0441\u043a\u043e\u0433\u043e \u0445\u043e\u0440\u0430 \u043c\u0430\u043b\u044c\u0447\u0438\u043a\u043e\u0432, \u043f\u043e\u043b\u0443\u0447\u0438\u043b \u0443\u0447\u0438\u0442\u0435\u043b\u044c\u0441\u043a\u0443\u044e \u0441\u0442\u0438\u043f\u0435\u043d\u0434\u0438\u044e \u043e\u0442 \u0414\u0435\u043f\u0430\u0440\u0442\u0430\u043c\u0435\u043d\u0442\u0430 \u043e\u0431\u0440\u0430\u0437\u043e\u0432\u0430\u043d\u0438\u044f \u0433\u043e\u0440\u043e\u0434\u0430 \u0422\u0430\u0440\u0442\u0443.<\/span><\/a><\/p>\n","protected":false},"author":11,"featured_media":16684,"comment_status":"closed","ping_status":"closed","sticky":false,"template":"","format":"standard","meta":{"neve_meta_sidebar":"","neve_meta_container":"","neve_meta_enable_content_width":"off","neve_meta_content_width":70,"neve_meta_title_alignment":"","neve_meta_author_avatar":"","neve_post_elements_order":"","neve_meta_disable_header":"","neve_meta_disable_footer":"","neve_meta_disable_title":"","footnotes":"","_links_to":"","_links_to_target":""},"categories":[102],"tags":[],"class_list":["post-21779","post","type-post","status-publish","format-standard","has-post-thumbnail","hentry","category-novosti-hora"],"yoast_head":"<!-- This site is optimized with the Yoast SEO plugin v26.6 - https:\/\/yoast.com\/wordpress\/plugins\/seo\/ -->\n<title>\u0421\u0430\u043d\u0434\u0435\u0440 \u0422\u0430\u043c\u043c, \u0434\u0438\u0440\u0438\u0436\u0435\u0440 \u0422\u0430\u0440\u0442\u0443\u0441\u043a\u043e\u0433\u043e \u0445\u043e\u0440\u0430 \u043c\u0430\u043b\u044c\u0447\u0438\u043a\u043e\u0432, \u043f\u043e\u043b\u0443\u0447\u0438\u043b \u0443\u0447\u0438\u0442\u0435\u043b\u044c\u0441\u043a\u0443\u044e \u0441\u0442\u0438\u043f\u0435\u043d\u0434\u0438\u044e \u043e\u0442 \u0414\u0435\u043f\u0430\u0440\u0442\u0430\u043c\u0435\u043d\u0442\u0430 \u043e\u0431\u0440\u0430\u0437\u043e\u0432\u0430\u043d\u0438\u044f \u0433\u043e\u0440\u043e\u0434\u0430 \u0422\u0430\u0440\u0442\u0443. &#8211; \u0422\u0430\u0440\u0442\u0443\u0441\u043a\u0438\u0439 \u0445\u043e\u0440 \u043c\u0430\u043b\u044c\u0447\u0438\u043a\u043e\u0432<\/title>\n<meta name=\"robots\" content=\"index, follow, max-snippet:-1, max-image-preview:large, max-video-preview:-1\" \/>\n<link rel=\"canonical\" href=\"https:\/\/tartupoistekoor.ee\/ru\/sander-tamm-dirizher-tartuskogo-hora-malchikov-poluchil-uchitelskuyu-stipendiyu-ot-departamenta-obrazovaniya-goroda-tartu\/\" \/>\n<meta property=\"og:locale\" content=\"ru_RU\" \/>\n<meta property=\"og:type\" content=\"article\" \/>\n<meta property=\"og:title\" content=\"\u0421\u0430\u043d\u0434\u0435\u0440 \u0422\u0430\u043c\u043c, \u0434\u0438\u0440\u0438\u0436\u0435\u0440 \u0422\u0430\u0440\u0442\u0443\u0441\u043a\u043e\u0433\u043e \u0445\u043e\u0440\u0430 \u043c\u0430\u043b\u044c\u0447\u0438\u043a\u043e\u0432, \u043f\u043e\u043b\u0443\u0447\u0438\u043b \u0443\u0447\u0438\u0442\u0435\u043b\u044c\u0441\u043a\u0443\u044e \u0441\u0442\u0438\u043f\u0435\u043d\u0434\u0438\u044e \u043e\u0442 \u0414\u0435\u043f\u0430\u0440\u0442\u0430\u043c\u0435\u043d\u0442\u0430 \u043e\u0431\u0440\u0430\u0437\u043e\u0432\u0430\u043d\u0438\u044f \u0433\u043e\u0440\u043e\u0434\u0430 \u0422\u0430\u0440\u0442\u0443. &#8211; \u0422\u0430\u0440\u0442\u0443\u0441\u043a\u0438\u0439 \u0445\u043e\u0440 \u043c\u0430\u043b\u044c\u0447\u0438\u043a\u043e\u0432\" \/>\n<meta property=\"og:description\" content=\"Kord aastas valib Tartu Linna Haridusosakond v\u00e4ljapaistvad \u00f5petajad kellele eraldatakse kuni 1000 \u20ac meelep\u00e4rasel erialasel t\u00e4iend\u00f5ppel v\u00f5i koolitusel osalemiseks. K\u00e4esoleva aasta 29. detsembril p\u00e4lvis stipendiumi Tartu Poistekoori dirigent Sander Tamm ning veel 20 Tartu linna \u00f5petajat. Kokku laekus konkursile 38 taotlust, stipendiume k\u00fcsiti summas 33 868 \u20ac ning v\u00e4lja jagati 21 stipendiumit kogusummas 15 000&hellip;&nbsp;\u041f\u043e\u0434\u0440\u043e\u0431\u043d\u0435\u0435 &raquo;\u0421\u0430\u043d\u0434\u0435\u0440 \u0422\u0430\u043c\u043c, \u0434\u0438\u0440\u0438\u0436\u0435\u0440 \u0422\u0430\u0440\u0442\u0443\u0441\u043a\u043e\u0433\u043e \u0445\u043e\u0440\u0430 \u043c\u0430\u043b\u044c\u0447\u0438\u043a\u043e\u0432, \u043f\u043e\u043b\u0443\u0447\u0438\u043b \u0443\u0447\u0438\u0442\u0435\u043b\u044c\u0441\u043a\u0443\u044e \u0441\u0442\u0438\u043f\u0435\u043d\u0434\u0438\u044e \u043e\u0442 \u0414\u0435\u043f\u0430\u0440\u0442\u0430\u043c\u0435\u043d\u0442\u0430 \u043e\u0431\u0440\u0430\u0437\u043e\u0432\u0430\u043d\u0438\u044f \u0433\u043e\u0440\u043e\u0434\u0430 \u0422\u0430\u0440\u0442\u0443.\" \/>\n<meta property=\"og:url\" content=\"https:\/\/tartupoistekoor.ee\/ru\/sander-tamm-dirizher-tartuskogo-hora-malchikov-poluchil-uchitelskuyu-stipendiyu-ot-departamenta-obrazovaniya-goroda-tartu\/\" \/>\n<meta property=\"og:site_name\" content=\"\u0422\u0430\u0440\u0442\u0443\u0441\u043a\u0438\u0439 \u0445\u043e\u0440 \u043c\u0430\u043b\u044c\u0447\u0438\u043a\u043e\u0432\" \/>\n<meta property=\"article:publisher\" content=\"https:\/\/www.facebook.com\/TartuPoistekoor\/\" \/>\n<meta property=\"article:published_time\" content=\"2021-12-29T14:40:33+00:00\" \/>\n<meta property=\"article:modified_time\" content=\"2025-12-05T16:26:59+00:00\" \/>\n<meta property=\"og:image\" content=\"https:\/\/tartupoistekoor.ee\/wp-content\/uploads\/_pda\/2021\/12\/opetajastipendium.jpg\" \/>\n\t<meta property=\"og:image:width\" content=\"1302\" \/>\n\t<meta property=\"og:image:height\" content=\"887\" \/>\n\t<meta property=\"og:image:type\" content=\"image\/jpeg\" \/>\n<meta name=\"author\" content=\"Tartu Poistekoor\" \/>\n<meta name=\"twitter:card\" content=\"summary_large_image\" \/>\n<meta name=\"twitter:label1\" content=\"\u041d\u0430\u043f\u0438\u0441\u0430\u043d\u043e \u0430\u0432\u0442\u043e\u0440\u043e\u043c\" \/>\n\t<meta name=\"twitter:data1\" content=\"Tartu Poistekoor\" \/>\n\t<meta name=\"twitter:label2\" content=\"\u041f\u0440\u0438\u043c\u0435\u0440\u043d\u043e\u0435 \u0432\u0440\u0435\u043c\u044f \u0434\u043b\u044f \u0447\u0442\u0435\u043d\u0438\u044f\" \/>\n\t<meta name=\"twitter:data2\" content=\"3 \u043c\u0438\u043d\u0443\u0442\u044b\" \/>\n<script type=\"application\/ld+json\" class=\"yoast-schema-graph\">{\"@context\":\"https:\/\/schema.org\",\"@graph\":[{\"@type\":\"Article\",\"@id\":\"https:\/\/tartupoistekoor.ee\/ru\/sander-tamm-dirizher-tartuskogo-hora-malchikov-poluchil-uchitelskuyu-stipendiyu-ot-departamenta-obrazovaniya-goroda-tartu\/#article\",\"isPartOf\":{\"@id\":\"https:\/\/tartupoistekoor.ee\/ru\/sander-tamm-dirizher-tartuskogo-hora-malchikov-poluchil-uchitelskuyu-stipendiyu-ot-departamenta-obrazovaniya-goroda-tartu\/\"},\"author\":{\"name\":\"Tartu Poistekoor\",\"@id\":\"https:\/\/tartupoistekoor.ee\/ru\/#\/schema\/person\/31232bbe9475091e6e90da5d65434ac3\"},\"headline\":\"\u0421\u0430\u043d\u0434\u0435\u0440 \u0422\u0430\u043c\u043c, \u0434\u0438\u0440\u0438\u0436\u0435\u0440 \u0422\u0430\u0440\u0442\u0443\u0441\u043a\u043e\u0433\u043e \u0445\u043e\u0440\u0430 \u043c\u0430\u043b\u044c\u0447\u0438\u043a\u043e\u0432, \u043f\u043e\u043b\u0443\u0447\u0438\u043b \u0443\u0447\u0438\u0442\u0435\u043b\u044c\u0441\u043a\u0443\u044e \u0441\u0442\u0438\u043f\u0435\u043d\u0434\u0438\u044e \u043e\u0442 \u0414\u0435\u043f\u0430\u0440\u0442\u0430\u043c\u0435\u043d\u0442\u0430 \u043e\u0431\u0440\u0430\u0437\u043e\u0432\u0430\u043d\u0438\u044f \u0433\u043e\u0440\u043e\u0434\u0430 \u0422\u0430\u0440\u0442\u0443.\",\"datePublished\":\"2021-12-29T14:40:33+00:00\",\"dateModified\":\"2025-12-05T16:26:59+00:00\",\"mainEntityOfPage\":{\"@id\":\"https:\/\/tartupoistekoor.ee\/ru\/sander-tamm-dirizher-tartuskogo-hora-malchikov-poluchil-uchitelskuyu-stipendiyu-ot-departamenta-obrazovaniya-goroda-tartu\/\"},\"wordCount\":483,\"publisher\":{\"@id\":\"https:\/\/tartupoistekoor.ee\/ru\/#organization\"},\"image\":{\"@id\":\"https:\/\/tartupoistekoor.ee\/ru\/sander-tamm-dirizher-tartuskogo-hora-malchikov-poluchil-uchitelskuyu-stipendiyu-ot-departamenta-obrazovaniya-goroda-tartu\/#primaryimage\"},\"thumbnailUrl\":\"https:\/\/tartupoistekoor.ee\/wp-content\/uploads\/_pda\/2021\/12\/opetajastipendium.jpg\",\"articleSection\":[\"\u041d\u043e\u0432\u043e\u0441\u0442\u0438 \u0445\u043e\u0440\u0430\"],\"inLanguage\":\"ru-RU\"},{\"@type\":\"WebPage\",\"@id\":\"https:\/\/tartupoistekoor.ee\/ru\/sander-tamm-dirizher-tartuskogo-hora-malchikov-poluchil-uchitelskuyu-stipendiyu-ot-departamenta-obrazovaniya-goroda-tartu\/\",\"url\":\"https:\/\/tartupoistekoor.ee\/ru\/sander-tamm-dirizher-tartuskogo-hora-malchikov-poluchil-uchitelskuyu-stipendiyu-ot-departamenta-obrazovaniya-goroda-tartu\/\",\"name\":\"\u0421\u0430\u043d\u0434\u0435\u0440 \u0422\u0430\u043c\u043c, \u0434\u0438\u0440\u0438\u0436\u0435\u0440 \u0422\u0430\u0440\u0442\u0443\u0441\u043a\u043e\u0433\u043e \u0445\u043e\u0440\u0430 \u043c\u0430\u043b\u044c\u0447\u0438\u043a\u043e\u0432, \u043f\u043e\u043b\u0443\u0447\u0438\u043b \u0443\u0447\u0438\u0442\u0435\u043b\u044c\u0441\u043a\u0443\u044e \u0441\u0442\u0438\u043f\u0435\u043d\u0434\u0438\u044e \u043e\u0442 \u0414\u0435\u043f\u0430\u0440\u0442\u0430\u043c\u0435\u043d\u0442\u0430 \u043e\u0431\u0440\u0430\u0437\u043e\u0432\u0430\u043d\u0438\u044f \u0433\u043e\u0440\u043e\u0434\u0430 \u0422\u0430\u0440\u0442\u0443. &#8211; \u0422\u0430\u0440\u0442\u0443\u0441\u043a\u0438\u0439 \u0445\u043e\u0440 \u043c\u0430\u043b\u044c\u0447\u0438\u043a\u043e\u0432\",\"isPartOf\":{\"@id\":\"https:\/\/tartupoistekoor.ee\/ru\/#website\"},\"primaryImageOfPage\":{\"@id\":\"https:\/\/tartupoistekoor.ee\/ru\/sander-tamm-dirizher-tartuskogo-hora-malchikov-poluchil-uchitelskuyu-stipendiyu-ot-departamenta-obrazovaniya-goroda-tartu\/#primaryimage\"},\"image\":{\"@id\":\"https:\/\/tartupoistekoor.ee\/ru\/sander-tamm-dirizher-tartuskogo-hora-malchikov-poluchil-uchitelskuyu-stipendiyu-ot-departamenta-obrazovaniya-goroda-tartu\/#primaryimage\"},\"thumbnailUrl\":\"https:\/\/tartupoistekoor.ee\/wp-content\/uploads\/_pda\/2021\/12\/opetajastipendium.jpg\",\"datePublished\":\"2021-12-29T14:40:33+00:00\",\"dateModified\":\"2025-12-05T16:26:59+00:00\",\"breadcrumb\":{\"@id\":\"https:\/\/tartupoistekoor.ee\/ru\/sander-tamm-dirizher-tartuskogo-hora-malchikov-poluchil-uchitelskuyu-stipendiyu-ot-departamenta-obrazovaniya-goroda-tartu\/#breadcrumb\"},\"inLanguage\":\"ru-RU\",\"potentialAction\":[{\"@type\":\"ReadAction\",\"target\":[\"https:\/\/tartupoistekoor.ee\/ru\/sander-tamm-dirizher-tartuskogo-hora-malchikov-poluchil-uchitelskuyu-stipendiyu-ot-departamenta-obrazovaniya-goroda-tartu\/\"]}]},{\"@type\":\"ImageObject\",\"inLanguage\":\"ru-RU\",\"@id\":\"https:\/\/tartupoistekoor.ee\/ru\/sander-tamm-dirizher-tartuskogo-hora-malchikov-poluchil-uchitelskuyu-stipendiyu-ot-departamenta-obrazovaniya-goroda-tartu\/#primaryimage\",\"url\":\"https:\/\/tartupoistekoor.ee\/wp-content\/uploads\/_pda\/2021\/12\/opetajastipendium.jpg\",\"contentUrl\":\"https:\/\/tartupoistekoor.ee\/wp-content\/uploads\/_pda\/2021\/12\/opetajastipendium.jpg\",\"width\":1302,\"height\":887},{\"@type\":\"BreadcrumbList\",\"@id\":\"https:\/\/tartupoistekoor.ee\/ru\/sander-tamm-dirizher-tartuskogo-hora-malchikov-poluchil-uchitelskuyu-stipendiyu-ot-departamenta-obrazovaniya-goroda-tartu\/#breadcrumb\",\"itemListElement\":[{\"@type\":\"ListItem\",\"position\":1,\"name\":\"\u0413\u043b\u0430\u0432\u043d\u0430\u044f\",\"item\":\"https:\/\/tartupoistekoor.ee\/ru\/\"},{\"@type\":\"ListItem\",\"position\":2,\"name\":\"\u0421\u0430\u043d\u0434\u0435\u0440 \u0422\u0430\u043c\u043c, \u0434\u0438\u0440\u0438\u0436\u0435\u0440 \u0422\u0430\u0440\u0442\u0443\u0441\u043a\u043e\u0433\u043e \u0445\u043e\u0440\u0430 \u043c\u0430\u043b\u044c\u0447\u0438\u043a\u043e\u0432, \u043f\u043e\u043b\u0443\u0447\u0438\u043b \u0443\u0447\u0438\u0442\u0435\u043b\u044c\u0441\u043a\u0443\u044e \u0441\u0442\u0438\u043f\u0435\u043d\u0434\u0438\u044e \u043e\u0442 \u0414\u0435\u043f\u0430\u0440\u0442\u0430\u043c\u0435\u043d\u0442\u0430 \u043e\u0431\u0440\u0430\u0437\u043e\u0432\u0430\u043d\u0438\u044f \u0433\u043e\u0440\u043e\u0434\u0430 \u0422\u0430\u0440\u0442\u0443.\"}]},{\"@type\":\"WebSite\",\"@id\":\"https:\/\/tartupoistekoor.ee\/ru\/#website\",\"url\":\"https:\/\/tartupoistekoor.ee\/ru\/\",\"name\":\"\u0422\u0430\u0440\u0442\u0443\u0441\u043a\u0438\u0439 \u0445\u043e\u0440 \u043c\u0430\u043b\u044c\u0447\u0438\u043a\u043e\u0432\",\"description\":\"\",\"publisher\":{\"@id\":\"https:\/\/tartupoistekoor.ee\/ru\/#organization\"},\"potentialAction\":[{\"@type\":\"SearchAction\",\"target\":{\"@type\":\"EntryPoint\",\"urlTemplate\":\"https:\/\/tartupoistekoor.ee\/ru\/?s={search_term_string}\"},\"query-input\":{\"@type\":\"PropertyValueSpecification\",\"valueRequired\":true,\"valueName\":\"search_term_string\"}}],\"inLanguage\":\"ru-RU\"},{\"@type\":\"Organization\",\"@id\":\"https:\/\/tartupoistekoor.ee\/ru\/#organization\",\"name\":\"\u041e\/\u043e \u00ab\u0422\u0430\u0440\u0442\u0443\u0441\u043a\u0438\u0439 \u0445\u043e\u0440 \u043c\u0430\u043b\u044c\u0447\u0438\u043a\u043e\u0432 \u0438 \u0445\u043e\u0440 \u0434\u0435\u0432\u043e\u0447\u0435\u043a\u00bb \u041a\u0443\u0440\u0435\u043a\u0435\u043b\u043b\",\"url\":\"https:\/\/tartupoistekoor.ee\/ru\/\",\"logo\":{\"@type\":\"ImageObject\",\"inLanguage\":\"ru-RU\",\"@id\":\"https:\/\/tartupoistekoor.ee\/ru\/#\/schema\/logo\/image\/\",\"url\":\"https:\/\/tartupoistekoor.ee\/wp-content\/uploads\/2019\/10\/Poistekoor-logo-tekstiga.png\",\"contentUrl\":\"https:\/\/tartupoistekoor.ee\/wp-content\/uploads\/2019\/10\/Poistekoor-logo-tekstiga.png\",\"width\":217,\"height\":121,\"caption\":\"\u041e\/\u043e \u00ab\u0422\u0430\u0440\u0442\u0443\u0441\u043a\u0438\u0439 \u0445\u043e\u0440 \u043c\u0430\u043b\u044c\u0447\u0438\u043a\u043e\u0432 \u0438 \u0445\u043e\u0440 \u0434\u0435\u0432\u043e\u0447\u0435\u043a\u00bb \u041a\u0443\u0440\u0435\u043a\u0435\u043b\u043b\"},\"image\":{\"@id\":\"https:\/\/tartupoistekoor.ee\/ru\/#\/schema\/logo\/image\/\"},\"sameAs\":[\"https:\/\/www.facebook.com\/TartuPoistekoor\/\",\"https:\/\/www.instagram.com\/tartupoistekoor\/\",\"https:\/\/www.youtube.com\/channel\/UCW7MepGR7TNqkYdlk9fazEw\"]},{\"@type\":\"Person\",\"@id\":\"https:\/\/tartupoistekoor.ee\/ru\/#\/schema\/person\/31232bbe9475091e6e90da5d65434ac3\",\"name\":\"Tartu Poistekoor\",\"image\":{\"@type\":\"ImageObject\",\"inLanguage\":\"ru-RU\",\"@id\":\"https:\/\/tartupoistekoor.ee\/ru\/#\/schema\/person\/image\/\",\"url\":\"https:\/\/secure.gravatar.com\/avatar\/a8b57c8f8698d4ed0d9f20486e8d25b9ba14d817cddbbfea9c9b68607972cfe2?s=96&d=mm&r=g\",\"contentUrl\":\"https:\/\/secure.gravatar.com\/avatar\/a8b57c8f8698d4ed0d9f20486e8d25b9ba14d817cddbbfea9c9b68607972cfe2?s=96&d=mm&r=g\",\"caption\":\"Tartu Poistekoor\"}}]}<\/script>\n<!-- \/ Yoast SEO plugin. -->","yoast_head_json":{"title":"\u0421\u0430\u043d\u0434\u0435\u0440 \u0422\u0430\u043c\u043c, \u0434\u0438\u0440\u0438\u0436\u0435\u0440 \u0422\u0430\u0440\u0442\u0443\u0441\u043a\u043e\u0433\u043e \u0445\u043e\u0440\u0430 \u043c\u0430\u043b\u044c\u0447\u0438\u043a\u043e\u0432, \u043f\u043e\u043b\u0443\u0447\u0438\u043b \u0443\u0447\u0438\u0442\u0435\u043b\u044c\u0441\u043a\u0443\u044e \u0441\u0442\u0438\u043f\u0435\u043d\u0434\u0438\u044e \u043e\u0442 \u0414\u0435\u043f\u0430\u0440\u0442\u0430\u043c\u0435\u043d\u0442\u0430 \u043e\u0431\u0440\u0430\u0437\u043e\u0432\u0430\u043d\u0438\u044f \u0433\u043e\u0440\u043e\u0434\u0430 \u0422\u0430\u0440\u0442\u0443. &#8211; \u0422\u0430\u0440\u0442\u0443\u0441\u043a\u0438\u0439 \u0445\u043e\u0440 \u043c\u0430\u043b\u044c\u0447\u0438\u043a\u043e\u0432","robots":{"index":"index","follow":"follow","max-snippet":"max-snippet:-1","max-image-preview":"max-image-preview:large","max-video-preview":"max-video-preview:-1"},"canonical":"https:\/\/tartupoistekoor.ee\/ru\/sander-tamm-dirizher-tartuskogo-hora-malchikov-poluchil-uchitelskuyu-stipendiyu-ot-departamenta-obrazovaniya-goroda-tartu\/","og_locale":"ru_RU","og_type":"article","og_title":"\u0421\u0430\u043d\u0434\u0435\u0440 \u0422\u0430\u043c\u043c, \u0434\u0438\u0440\u0438\u0436\u0435\u0440 \u0422\u0430\u0440\u0442\u0443\u0441\u043a\u043e\u0433\u043e \u0445\u043e\u0440\u0430 \u043c\u0430\u043b\u044c\u0447\u0438\u043a\u043e\u0432, \u043f\u043e\u043b\u0443\u0447\u0438\u043b \u0443\u0447\u0438\u0442\u0435\u043b\u044c\u0441\u043a\u0443\u044e \u0441\u0442\u0438\u043f\u0435\u043d\u0434\u0438\u044e \u043e\u0442 \u0414\u0435\u043f\u0430\u0440\u0442\u0430\u043c\u0435\u043d\u0442\u0430 \u043e\u0431\u0440\u0430\u0437\u043e\u0432\u0430\u043d\u0438\u044f \u0433\u043e\u0440\u043e\u0434\u0430 \u0422\u0430\u0440\u0442\u0443. &#8211; \u0422\u0430\u0440\u0442\u0443\u0441\u043a\u0438\u0439 \u0445\u043e\u0440 \u043c\u0430\u043b\u044c\u0447\u0438\u043a\u043e\u0432","og_description":"Kord aastas valib Tartu Linna Haridusosakond v\u00e4ljapaistvad \u00f5petajad kellele eraldatakse kuni 1000 \u20ac meelep\u00e4rasel erialasel t\u00e4iend\u00f5ppel v\u00f5i koolitusel osalemiseks. K\u00e4esoleva aasta 29. detsembril p\u00e4lvis stipendiumi Tartu Poistekoori dirigent Sander Tamm ning veel 20 Tartu linna \u00f5petajat. Kokku laekus konkursile 38 taotlust, stipendiume k\u00fcsiti summas 33 868 \u20ac ning v\u00e4lja jagati 21 stipendiumit kogusummas 15 000&hellip;&nbsp;\u041f\u043e\u0434\u0440\u043e\u0431\u043d\u0435\u0435 &raquo;\u0421\u0430\u043d\u0434\u0435\u0440 \u0422\u0430\u043c\u043c, \u0434\u0438\u0440\u0438\u0436\u0435\u0440 \u0422\u0430\u0440\u0442\u0443\u0441\u043a\u043e\u0433\u043e \u0445\u043e\u0440\u0430 \u043c\u0430\u043b\u044c\u0447\u0438\u043a\u043e\u0432, \u043f\u043e\u043b\u0443\u0447\u0438\u043b \u0443\u0447\u0438\u0442\u0435\u043b\u044c\u0441\u043a\u0443\u044e \u0441\u0442\u0438\u043f\u0435\u043d\u0434\u0438\u044e \u043e\u0442 \u0414\u0435\u043f\u0430\u0440\u0442\u0430\u043c\u0435\u043d\u0442\u0430 \u043e\u0431\u0440\u0430\u0437\u043e\u0432\u0430\u043d\u0438\u044f \u0433\u043e\u0440\u043e\u0434\u0430 \u0422\u0430\u0440\u0442\u0443.","og_url":"https:\/\/tartupoistekoor.ee\/ru\/sander-tamm-dirizher-tartuskogo-hora-malchikov-poluchil-uchitelskuyu-stipendiyu-ot-departamenta-obrazovaniya-goroda-tartu\/","og_site_name":"\u0422\u0430\u0440\u0442\u0443\u0441\u043a\u0438\u0439 \u0445\u043e\u0440 \u043c\u0430\u043b\u044c\u0447\u0438\u043a\u043e\u0432","article_publisher":"https:\/\/www.facebook.com\/TartuPoistekoor\/","article_published_time":"2021-12-29T14:40:33+00:00","article_modified_time":"2025-12-05T16:26:59+00:00","og_image":[{"width":1302,"height":887,"url":"https:\/\/tartupoistekoor.ee\/wp-content\/uploads\/_pda\/2021\/12\/opetajastipendium.jpg","type":"image\/jpeg"}],"author":"Tartu Poistekoor","twitter_card":"summary_large_image","twitter_misc":{"\u041d\u0430\u043f\u0438\u0441\u0430\u043d\u043e \u0430\u0432\u0442\u043e\u0440\u043e\u043c":"Tartu Poistekoor","\u041f\u0440\u0438\u043c\u0435\u0440\u043d\u043e\u0435 \u0432\u0440\u0435\u043c\u044f \u0434\u043b\u044f \u0447\u0442\u0435\u043d\u0438\u044f":"3 \u043c\u0438\u043d\u0443\u0442\u044b"},"schema":{"@context":"https:\/\/schema.org","@graph":[{"@type":"Article","@id":"https:\/\/tartupoistekoor.ee\/ru\/sander-tamm-dirizher-tartuskogo-hora-malchikov-poluchil-uchitelskuyu-stipendiyu-ot-departamenta-obrazovaniya-goroda-tartu\/#article","isPartOf":{"@id":"https:\/\/tartupoistekoor.ee\/ru\/sander-tamm-dirizher-tartuskogo-hora-malchikov-poluchil-uchitelskuyu-stipendiyu-ot-departamenta-obrazovaniya-goroda-tartu\/"},"author":{"name":"Tartu Poistekoor","@id":"https:\/\/tartupoistekoor.ee\/ru\/#\/schema\/person\/31232bbe9475091e6e90da5d65434ac3"},"headline":"\u0421\u0430\u043d\u0434\u0435\u0440 \u0422\u0430\u043c\u043c, \u0434\u0438\u0440\u0438\u0436\u0435\u0440 \u0422\u0430\u0440\u0442\u0443\u0441\u043a\u043e\u0433\u043e \u0445\u043e\u0440\u0430 \u043c\u0430\u043b\u044c\u0447\u0438\u043a\u043e\u0432, \u043f\u043e\u043b\u0443\u0447\u0438\u043b \u0443\u0447\u0438\u0442\u0435\u043b\u044c\u0441\u043a\u0443\u044e \u0441\u0442\u0438\u043f\u0435\u043d\u0434\u0438\u044e \u043e\u0442 \u0414\u0435\u043f\u0430\u0440\u0442\u0430\u043c\u0435\u043d\u0442\u0430 \u043e\u0431\u0440\u0430\u0437\u043e\u0432\u0430\u043d\u0438\u044f \u0433\u043e\u0440\u043e\u0434\u0430 \u0422\u0430\u0440\u0442\u0443.","datePublished":"2021-12-29T14:40:33+00:00","dateModified":"2025-12-05T16:26:59+00:00","mainEntityOfPage":{"@id":"https:\/\/tartupoistekoor.ee\/ru\/sander-tamm-dirizher-tartuskogo-hora-malchikov-poluchil-uchitelskuyu-stipendiyu-ot-departamenta-obrazovaniya-goroda-tartu\/"},"wordCount":483,"publisher":{"@id":"https:\/\/tartupoistekoor.ee\/ru\/#organization"},"image":{"@id":"https:\/\/tartupoistekoor.ee\/ru\/sander-tamm-dirizher-tartuskogo-hora-malchikov-poluchil-uchitelskuyu-stipendiyu-ot-departamenta-obrazovaniya-goroda-tartu\/#primaryimage"},"thumbnailUrl":"https:\/\/tartupoistekoor.ee\/wp-content\/uploads\/_pda\/2021\/12\/opetajastipendium.jpg","articleSection":["\u041d\u043e\u0432\u043e\u0441\u0442\u0438 \u0445\u043e\u0440\u0430"],"inLanguage":"ru-RU"},{"@type":"WebPage","@id":"https:\/\/tartupoistekoor.ee\/ru\/sander-tamm-dirizher-tartuskogo-hora-malchikov-poluchil-uchitelskuyu-stipendiyu-ot-departamenta-obrazovaniya-goroda-tartu\/","url":"https:\/\/tartupoistekoor.ee\/ru\/sander-tamm-dirizher-tartuskogo-hora-malchikov-poluchil-uchitelskuyu-stipendiyu-ot-departamenta-obrazovaniya-goroda-tartu\/","name":"\u0421\u0430\u043d\u0434\u0435\u0440 \u0422\u0430\u043c\u043c, \u0434\u0438\u0440\u0438\u0436\u0435\u0440 \u0422\u0430\u0440\u0442\u0443\u0441\u043a\u043e\u0433\u043e \u0445\u043e\u0440\u0430 \u043c\u0430\u043b\u044c\u0447\u0438\u043a\u043e\u0432, \u043f\u043e\u043b\u0443\u0447\u0438\u043b \u0443\u0447\u0438\u0442\u0435\u043b\u044c\u0441\u043a\u0443\u044e \u0441\u0442\u0438\u043f\u0435\u043d\u0434\u0438\u044e \u043e\u0442 \u0414\u0435\u043f\u0430\u0440\u0442\u0430\u043c\u0435\u043d\u0442\u0430 \u043e\u0431\u0440\u0430\u0437\u043e\u0432\u0430\u043d\u0438\u044f \u0433\u043e\u0440\u043e\u0434\u0430 \u0422\u0430\u0440\u0442\u0443. &#8211; \u0422\u0430\u0440\u0442\u0443\u0441\u043a\u0438\u0439 \u0445\u043e\u0440 \u043c\u0430\u043b\u044c\u0447\u0438\u043a\u043e\u0432","isPartOf":{"@id":"https:\/\/tartupoistekoor.ee\/ru\/#website"},"primaryImageOfPage":{"@id":"https:\/\/tartupoistekoor.ee\/ru\/sander-tamm-dirizher-tartuskogo-hora-malchikov-poluchil-uchitelskuyu-stipendiyu-ot-departamenta-obrazovaniya-goroda-tartu\/#primaryimage"},"image":{"@id":"https:\/\/tartupoistekoor.ee\/ru\/sander-tamm-dirizher-tartuskogo-hora-malchikov-poluchil-uchitelskuyu-stipendiyu-ot-departamenta-obrazovaniya-goroda-tartu\/#primaryimage"},"thumbnailUrl":"https:\/\/tartupoistekoor.ee\/wp-content\/uploads\/_pda\/2021\/12\/opetajastipendium.jpg","datePublished":"2021-12-29T14:40:33+00:00","dateModified":"2025-12-05T16:26:59+00:00","breadcrumb":{"@id":"https:\/\/tartupoistekoor.ee\/ru\/sander-tamm-dirizher-tartuskogo-hora-malchikov-poluchil-uchitelskuyu-stipendiyu-ot-departamenta-obrazovaniya-goroda-tartu\/#breadcrumb"},"inLanguage":"ru-RU","potentialAction":[{"@type":"ReadAction","target":["https:\/\/tartupoistekoor.ee\/ru\/sander-tamm-dirizher-tartuskogo-hora-malchikov-poluchil-uchitelskuyu-stipendiyu-ot-departamenta-obrazovaniya-goroda-tartu\/"]}]},{"@type":"ImageObject","inLanguage":"ru-RU","@id":"https:\/\/tartupoistekoor.ee\/ru\/sander-tamm-dirizher-tartuskogo-hora-malchikov-poluchil-uchitelskuyu-stipendiyu-ot-departamenta-obrazovaniya-goroda-tartu\/#primaryimage","url":"https:\/\/tartupoistekoor.ee\/wp-content\/uploads\/_pda\/2021\/12\/opetajastipendium.jpg","contentUrl":"https:\/\/tartupoistekoor.ee\/wp-content\/uploads\/_pda\/2021\/12\/opetajastipendium.jpg","width":1302,"height":887},{"@type":"BreadcrumbList","@id":"https:\/\/tartupoistekoor.ee\/ru\/sander-tamm-dirizher-tartuskogo-hora-malchikov-poluchil-uchitelskuyu-stipendiyu-ot-departamenta-obrazovaniya-goroda-tartu\/#breadcrumb","itemListElement":[{"@type":"ListItem","position":1,"name":"\u0413\u043b\u0430\u0432\u043d\u0430\u044f","item":"https:\/\/tartupoistekoor.ee\/ru\/"},{"@type":"ListItem","position":2,"name":"\u0421\u0430\u043d\u0434\u0435\u0440 \u0422\u0430\u043c\u043c, \u0434\u0438\u0440\u0438\u0436\u0435\u0440 \u0422\u0430\u0440\u0442\u0443\u0441\u043a\u043e\u0433\u043e \u0445\u043e\u0440\u0430 \u043c\u0430\u043b\u044c\u0447\u0438\u043a\u043e\u0432, \u043f\u043e\u043b\u0443\u0447\u0438\u043b \u0443\u0447\u0438\u0442\u0435\u043b\u044c\u0441\u043a\u0443\u044e \u0441\u0442\u0438\u043f\u0435\u043d\u0434\u0438\u044e \u043e\u0442 \u0414\u0435\u043f\u0430\u0440\u0442\u0430\u043c\u0435\u043d\u0442\u0430 \u043e\u0431\u0440\u0430\u0437\u043e\u0432\u0430\u043d\u0438\u044f \u0433\u043e\u0440\u043e\u0434\u0430 \u0422\u0430\u0440\u0442\u0443."}]},{"@type":"WebSite","@id":"https:\/\/tartupoistekoor.ee\/ru\/#website","url":"https:\/\/tartupoistekoor.ee\/ru\/","name":"\u0422\u0430\u0440\u0442\u0443\u0441\u043a\u0438\u0439 \u0445\u043e\u0440 \u043c\u0430\u043b\u044c\u0447\u0438\u043a\u043e\u0432","description":"","publisher":{"@id":"https:\/\/tartupoistekoor.ee\/ru\/#organization"},"potentialAction":[{"@type":"SearchAction","target":{"@type":"EntryPoint","urlTemplate":"https:\/\/tartupoistekoor.ee\/ru\/?s={search_term_string}"},"query-input":{"@type":"PropertyValueSpecification","valueRequired":true,"valueName":"search_term_string"}}],"inLanguage":"ru-RU"},{"@type":"Organization","@id":"https:\/\/tartupoistekoor.ee\/ru\/#organization","name":"\u041e\/\u043e \u00ab\u0422\u0430\u0440\u0442\u0443\u0441\u043a\u0438\u0439 \u0445\u043e\u0440 \u043c\u0430\u043b\u044c\u0447\u0438\u043a\u043e\u0432 \u0438 \u0445\u043e\u0440 \u0434\u0435\u0432\u043e\u0447\u0435\u043a\u00bb \u041a\u0443\u0440\u0435\u043a\u0435\u043b\u043b","url":"https:\/\/tartupoistekoor.ee\/ru\/","logo":{"@type":"ImageObject","inLanguage":"ru-RU","@id":"https:\/\/tartupoistekoor.ee\/ru\/#\/schema\/logo\/image\/","url":"https:\/\/tartupoistekoor.ee\/wp-content\/uploads\/2019\/10\/Poistekoor-logo-tekstiga.png","contentUrl":"https:\/\/tartupoistekoor.ee\/wp-content\/uploads\/2019\/10\/Poistekoor-logo-tekstiga.png","width":217,"height":121,"caption":"\u041e\/\u043e \u00ab\u0422\u0430\u0440\u0442\u0443\u0441\u043a\u0438\u0439 \u0445\u043e\u0440 \u043c\u0430\u043b\u044c\u0447\u0438\u043a\u043e\u0432 \u0438 \u0445\u043e\u0440 \u0434\u0435\u0432\u043e\u0447\u0435\u043a\u00bb \u041a\u0443\u0440\u0435\u043a\u0435\u043b\u043b"},"image":{"@id":"https:\/\/tartupoistekoor.ee\/ru\/#\/schema\/logo\/image\/"},"sameAs":["https:\/\/www.facebook.com\/TartuPoistekoor\/","https:\/\/www.instagram.com\/tartupoistekoor\/","https:\/\/www.youtube.com\/channel\/UCW7MepGR7TNqkYdlk9fazEw"]},{"@type":"Person","@id":"https:\/\/tartupoistekoor.ee\/ru\/#\/schema\/person\/31232bbe9475091e6e90da5d65434ac3","name":"Tartu Poistekoor","image":{"@type":"ImageObject","inLanguage":"ru-RU","@id":"https:\/\/tartupoistekoor.ee\/ru\/#\/schema\/person\/image\/","url":"https:\/\/secure.gravatar.com\/avatar\/a8b57c8f8698d4ed0d9f20486e8d25b9ba14d817cddbbfea9c9b68607972cfe2?s=96&d=mm&r=g","contentUrl":"https:\/\/secure.gravatar.com\/avatar\/a8b57c8f8698d4ed0d9f20486e8d25b9ba14d817cddbbfea9c9b68607972cfe2?s=96&d=mm&r=g","caption":"Tartu Poistekoor"}}]}},"publishpress_future_action":{"enabled":false,"date":"2026-05-09 06:34:03","action":"change-status","newStatus":"draft","terms":[],"taxonomy":"category","extraData":[]},"publishpress_future_workflow_manual_trigger":{"enabledWorkflows":[]},"_links":{"self":[{"href":"https:\/\/tartupoistekoor.ee\/ru\/wp-json\/wp\/v2\/posts\/21779","targetHints":{"allow":["GET"]}}],"collection":[{"href":"https:\/\/tartupoistekoor.ee\/ru\/wp-json\/wp\/v2\/posts"}],"about":[{"href":"https:\/\/tartupoistekoor.ee\/ru\/wp-json\/wp\/v2\/types\/post"}],"author":[{"embeddable":true,"href":"https:\/\/tartupoistekoor.ee\/ru\/wp-json\/wp\/v2\/users\/11"}],"replies":[{"embeddable":true,"href":"https:\/\/tartupoistekoor.ee\/ru\/wp-json\/wp\/v2\/comments?post=21779"}],"version-history":[{"count":1,"href":"https:\/\/tartupoistekoor.ee\/ru\/wp-json\/wp\/v2\/posts\/21779\/revisions"}],"predecessor-version":[{"id":21781,"href":"https:\/\/tartupoistekoor.ee\/ru\/wp-json\/wp\/v2\/posts\/21779\/revisions\/21781"}],"wp:featuredmedia":[{"embeddable":true,"href":"https:\/\/tartupoistekoor.ee\/ru\/wp-json\/wp\/v2\/media\/16684"}],"wp:attachment":[{"href":"https:\/\/tartupoistekoor.ee\/ru\/wp-json\/wp\/v2\/media?parent=21779"}],"wp:term":[{"taxonomy":"category","embeddable":true,"href":"https:\/\/tartupoistekoor.ee\/ru\/wp-json\/wp\/v2\/categories?post=21779"},{"taxonomy":"post_tag","embeddable":true,"href":"https:\/\/tartupoistekoor.ee\/ru\/wp-json\/wp\/v2\/tags?post=21779"}],"curies":[{"name":"wp","href":"https:\/\/api.w.org\/{rel}","templated":true}]}}