{"id":21737,"date":"2021-02-25T15:57:10","date_gmt":"2021-02-25T13:57:10","guid":{"rendered":"https:\/\/tartupoistekoor.ee\/tartu-poistekoor-ja-neidudekoor-kurekell-avastid-2021-suusaorienteerumise-maailmameistrivoistlused-tehvandil\/"},"modified":"2025-12-05T18:27:00","modified_gmt":"2025-12-05T16:27:00","slug":"tartuskij-hor-malchikov-i-hor-devushek-kurekell-23-02-2021-otkryli-chempionat-mira-po-lyzhnomu-orientirovaniyu-v-tehvandi","status":"publish","type":"post","link":"https:\/\/tartupoistekoor.ee\/ru\/tartuskij-hor-malchikov-i-hor-devushek-kurekell-23-02-2021-otkryli-chempionat-mira-po-lyzhnomu-orientirovaniyu-v-tehvandi\/","title":{"rendered":"\u0422\u0430\u0440\u0442\u0443\u0441\u043a\u0438\u0439 \u0445\u043e\u0440 \u043c\u0430\u043b\u044c\u0447\u0438\u043a\u043e\u0432 \u0438 \u0445\u043e\u0440 \u0434\u0435\u0432\u0443\u0448\u0435\u043a \u00abKurekell\u00bb 23.02.2021 \u043e\u0442\u043a\u0440\u044b\u043b\u0438 \u0447\u0435\u043c\u043f\u0438\u043e\u043d\u0430\u0442 \u043c\u0438\u0440\u0430 \u043f\u043e \u043b\u044b\u0436\u043d\u043e\u043c\u0443 \u043e\u0440\u0438\u0435\u043d\u0442\u0438\u0440\u043e\u0432\u0430\u043d\u0438\u044e \u0432 \u0422\u0435\u0445\u0432\u0430\u043d\u0434\u0438"},"content":{"rendered":"<p>240 sportlast 17. riigist tervitati teostega \u201cMaailm heliseb\u201d artistilt Curly Strings, A.Tammeoru \u201cTalve\u00f6\u00f6\u201d ning Grease filmist tuntud l\u00f5punumbriga \u201cWe go together\u201d.<br \/>\nOma kohaloluga austasid sportlasi Eesti Orienteerumisliidu esindaja Sixten Sild, International Orienteering Federation esindaja Leho Haldna, Otep\u00e4\u00e4 vallavanem Jaanus Barkala ning Kultuuriministeeriumi delegatsioon.<br \/>\nAvatseremoonial astus lisaks kooridele \u00fcles Eesti oma slackline maailmastaar Jaan Roose, kes pakkus akrobaatilise etteastega j\u00e4\u00e4vihma tingimustes parajalt n\u00e4rvik\u00f5di.<br \/>\nKogu etteaste kroonis vaatem\u00e4nguline ilutulestik. Web-TV abil j\u00f5udis koorilaul Eesti ja Euroopa spordis\u00f5pradeni ning Facebook-live kaudu orienteerumis-huvilisteni \u00fcle kogu maailma.<\/p>\n<p>Suusaorienteerumine on koroonapandeemia ajal publikule ideaalne spordiala \u2013 seda on k\u00f5ige p\u00f5nevam vaadata just arvutiekraanilt. Seda enam, et medalite nimel l\u00e4heb 23. \u2013 27. veebruarini v\u00e4ltavate v\u00f5istluste jooksul K\u00e4\u00e4rikul rajale kogu maailma paremik. Iga v\u00f5istleja on varustatud GPS j\u00e4lgimisseadmega, mis teeb v\u00f5istleja arvutiekraanil pealtvaatajatele n\u00e4htavaks. Osalejad saavad minut enne starti kaardi, mille v\u00f5ib plan\u0161etile kinnitada ja sellele esimese pilgu heita alles 15 sekundit enne rajale tuiskamist.<\/p>\n<p>T\u00e4iskasvanute maailmameistriv\u00f5istlustel v\u00f5isteldakse K\u00e4\u00e4rikul esimest korda uue, v\u00f5imaliku ol\u00fcmpiaprogrammi j\u00e4rgi: sprint, j\u00e4lituss\u00f5it, l\u00fchirada ja sprinditeade. Viimasel alal saab iga riik v\u00e4lja panna kaks segapaari v\u00f5istkonda, arvesse l\u00e4heb parima tulemus. Juuniorid ja noored v\u00f5istlevad \u00fchisstardist tavarajal, l\u00fchirajal ning teates\u00f5itudes.<\/p>\n<p>Enamus Eestisse saabunud sportlased on pidanud aasta jooksul piirduma kodumaal v\u00f5istlemisega, vaid \u00fcksikutel on olnud v\u00f5imalus osaleda m\u00f5ne teise riigi rahvuslikel v\u00f5istlustel. V\u00e4rska orienteerumisklubi Peko ja Eesti Orienteerumisliidu s\u00f5nutsi on kogu orienteerumise korraldamise juures lisaks CoVid-19 viiruseleviku t\u00f5kestamise meetmetele k\u00f5ige riskantsemaks faktoriks ilmastikuolud.<\/p>\n<p>V\u00f5istlejate tulemusi K\u00e4\u00e4rikul on v\u00f5imalik j\u00e4lgida Rahvusvahelise Orienteerumisf\u00f6deratsiooni kodulehelt:<br \/>\n<a class=\"st-link\" href=\"https:\/\/stuudium.link\/?link=https%3A%2F%2Forienteering.sport%2Fevent%2Fworld-ski-orienteering-championships-2021%2Fsprint%2F&amp;hsh=210225-39b93023eed033bc8dad2558f07294d35a7290a3\" target=\"_blank\" rel=\"noopener noreferrer\"><i class=\"slh\">https:\/\/<\/i>orienteering.sport\/event\/world-ski-orienteering-cham<i class=\"slh\">pionships-2021\/sprint\/<\/i><i class=\"slsfx\">\u2026<\/i><\/a><br \/>\nGPS-j\u00e4lgimist ja videopilti v\u00f5istluselt pakub IOF LiveCenter:<br \/>\n<a class=\"st-link\" href=\"https:\/\/stuudium.link\/?link=http%3A%2F%2Flivecenter.orienteering.org%2F&amp;hsh=210225-00c10ae1c1d5e50191740634a506c17eb198c702\" target=\"_blank\" rel=\"noopener noreferrer\">http:\/\/livecenter.orienteering.org<\/a><br \/>\nOnline-tulemused: <a class=\"st-link\" href=\"https:\/\/stuudium.link\/?link=http%3A%2F%2Fwww.liveresultater.no%2Flivesider%2Findex.php%3Farr%3D393%26lang%3Den_EN&amp;hsh=210225-cc0a68d058c618bf808ddc82d25dbaa959d821a9\" target=\"_blank\" rel=\"noopener noreferrer\">http:\/\/www.liveresultater.no\/livesider\/index.php?arr=393&amp;<i class=\"slh\">;lang=en_EN<\/i><i class=\"slsfx\">\u2026<\/i><\/a><br \/>\nUudised ning v\u00f5istlusinfo on leitav ametlikul veebilehel:<br \/>\n<a class=\"st-link\" href=\"https:\/\/stuudium.link\/?link=http%3A%2F%2Fwsoc2021.peko.ee&amp;hsh=210225-49ce49365b5f603796c254fc325a97071eac9c9b\" target=\"_blank\" rel=\"noopener noreferrer\">http:\/\/wsoc2021.peko.ee<\/a><\/p>\n<p>Avatseremoonia j\u00e4\u00e4dvustuste ning vahetute emotsioonidega on v\u00f5imalik tutvuda Tartu Poistekoori instagramis <a class=\"st-link\" href=\"https:\/\/stuudium.link\/?link=http%3A%2F%2Finstagram.com%2Ftartupoistekoor&amp;hsh=210225-6628b82f32099b98694aa5cccf8ab24a797fcc4a\" target=\"_blank\" rel=\"noopener noreferrer\">http:\/\/instagram.com\/tartupoistekoor<\/a>.<\/p>\n<p>Pildi autor: Reigo Teervalt<\/p>\n","protected":false},"excerpt":{"rendered":"<p>240 sportlast 17. riigist tervitati teostega \u201cMaailm heliseb\u201d artistilt Curly Strings, A.Tammeoru \u201cTalve\u00f6\u00f6\u201d ning Grease filmist tuntud l\u00f5punumbriga \u201cWe go together\u201d. Oma kohaloluga austasid sportlasi Eesti Orienteerumisliidu esindaja Sixten Sild, International Orienteering Federation esindaja Leho Haldna, Otep\u00e4\u00e4 vallavanem Jaanus Barkala ning Kultuuriministeeriumi delegatsioon. Avatseremoonial astus lisaks kooridele \u00fcles Eesti oma slackline maailmastaar Jaan Roose, kes&hellip;&nbsp;<a href=\"https:\/\/tartupoistekoor.ee\/ru\/tartuskij-hor-malchikov-i-hor-devushek-kurekell-23-02-2021-otkryli-chempionat-mira-po-lyzhnomu-orientirovaniyu-v-tehvandi\/\" rel=\"bookmark\">\u041f\u043e\u0434\u0440\u043e\u0431\u043d\u0435\u0435 &raquo;<span class=\"screen-reader-text\">\u0422\u0430\u0440\u0442\u0443\u0441\u043a\u0438\u0439 \u0445\u043e\u0440 \u043c\u0430\u043b\u044c\u0447\u0438\u043a\u043e\u0432 \u0438 \u0445\u043e\u0440 \u0434\u0435\u0432\u0443\u0448\u0435\u043a \u00abKurekell\u00bb 23.02.2021 \u043e\u0442\u043a\u0440\u044b\u043b\u0438 \u0447\u0435\u043c\u043f\u0438\u043e\u043d\u0430\u0442 \u043c\u0438\u0440\u0430 \u043f\u043e \u043b\u044b\u0436\u043d\u043e\u043c\u0443 \u043e\u0440\u0438\u0435\u043d\u0442\u0438\u0440\u043e\u0432\u0430\u043d\u0438\u044e \u0432 \u0422\u0435\u0445\u0432\u0430\u043d\u0434\u0438<\/span><\/a><\/p>\n","protected":false},"author":11,"featured_media":16358,"comment_status":"closed","ping_status":"closed","sticky":false,"template":"","format":"standard","meta":{"neve_meta_sidebar":"","neve_meta_container":"","neve_meta_enable_content_width":"off","neve_meta_content_width":70,"neve_meta_title_alignment":"","neve_meta_author_avatar":"","neve_post_elements_order":"","neve_meta_disable_header":"","neve_meta_disable_footer":"","neve_meta_disable_title":"","footnotes":"","_links_to":"","_links_to_target":""},"categories":[102],"tags":[],"class_list":["post-21737","post","type-post","status-publish","format-standard","has-post-thumbnail","hentry","category-novosti-hora"],"yoast_head":"<!-- This site is optimized with the Yoast SEO plugin v26.6 - https:\/\/yoast.com\/wordpress\/plugins\/seo\/ -->\n<title>\u0422\u0430\u0440\u0442\u0443\u0441\u043a\u0438\u0439 \u0445\u043e\u0440 \u043c\u0430\u043b\u044c\u0447\u0438\u043a\u043e\u0432 \u0438 \u0445\u043e\u0440 \u0434\u0435\u0432\u0443\u0448\u0435\u043a \u00abKurekell\u00bb 23.02.2021 \u043e\u0442\u043a\u0440\u044b\u043b\u0438 \u0447\u0435\u043c\u043f\u0438\u043e\u043d\u0430\u0442 \u043c\u0438\u0440\u0430 \u043f\u043e \u043b\u044b\u0436\u043d\u043e\u043c\u0443 \u043e\u0440\u0438\u0435\u043d\u0442\u0438\u0440\u043e\u0432\u0430\u043d\u0438\u044e \u0432 \u0422\u0435\u0445\u0432\u0430\u043d\u0434\u0438 &#8211; \u0422\u0430\u0440\u0442\u0443\u0441\u043a\u0438\u0439 \u0445\u043e\u0440 \u043c\u0430\u043b\u044c\u0447\u0438\u043a\u043e\u0432<\/title>\n<meta name=\"robots\" content=\"index, follow, max-snippet:-1, max-image-preview:large, max-video-preview:-1\" \/>\n<link rel=\"canonical\" href=\"https:\/\/tartupoistekoor.ee\/ru\/tartuskij-hor-malchikov-i-hor-devushek-kurekell-23-02-2021-otkryli-chempionat-mira-po-lyzhnomu-orientirovaniyu-v-tehvandi\/\" \/>\n<meta property=\"og:locale\" content=\"ru_RU\" \/>\n<meta property=\"og:type\" content=\"article\" \/>\n<meta property=\"og:title\" content=\"\u0422\u0430\u0440\u0442\u0443\u0441\u043a\u0438\u0439 \u0445\u043e\u0440 \u043c\u0430\u043b\u044c\u0447\u0438\u043a\u043e\u0432 \u0438 \u0445\u043e\u0440 \u0434\u0435\u0432\u0443\u0448\u0435\u043a \u00abKurekell\u00bb 23.02.2021 \u043e\u0442\u043a\u0440\u044b\u043b\u0438 \u0447\u0435\u043c\u043f\u0438\u043e\u043d\u0430\u0442 \u043c\u0438\u0440\u0430 \u043f\u043e \u043b\u044b\u0436\u043d\u043e\u043c\u0443 \u043e\u0440\u0438\u0435\u043d\u0442\u0438\u0440\u043e\u0432\u0430\u043d\u0438\u044e \u0432 \u0422\u0435\u0445\u0432\u0430\u043d\u0434\u0438 &#8211; \u0422\u0430\u0440\u0442\u0443\u0441\u043a\u0438\u0439 \u0445\u043e\u0440 \u043c\u0430\u043b\u044c\u0447\u0438\u043a\u043e\u0432\" \/>\n<meta property=\"og:description\" content=\"240 sportlast 17. riigist tervitati teostega \u201cMaailm heliseb\u201d artistilt Curly Strings, A.Tammeoru \u201cTalve\u00f6\u00f6\u201d ning Grease filmist tuntud l\u00f5punumbriga \u201cWe go together\u201d. Oma kohaloluga austasid sportlasi Eesti Orienteerumisliidu esindaja Sixten Sild, International Orienteering Federation esindaja Leho Haldna, Otep\u00e4\u00e4 vallavanem Jaanus Barkala ning Kultuuriministeeriumi delegatsioon. Avatseremoonial astus lisaks kooridele \u00fcles Eesti oma slackline maailmastaar Jaan Roose, kes&hellip;&nbsp;\u041f\u043e\u0434\u0440\u043e\u0431\u043d\u0435\u0435 &raquo;\u0422\u0430\u0440\u0442\u0443\u0441\u043a\u0438\u0439 \u0445\u043e\u0440 \u043c\u0430\u043b\u044c\u0447\u0438\u043a\u043e\u0432 \u0438 \u0445\u043e\u0440 \u0434\u0435\u0432\u0443\u0448\u0435\u043a \u00abKurekell\u00bb 23.02.2021 \u043e\u0442\u043a\u0440\u044b\u043b\u0438 \u0447\u0435\u043c\u043f\u0438\u043e\u043d\u0430\u0442 \u043c\u0438\u0440\u0430 \u043f\u043e \u043b\u044b\u0436\u043d\u043e\u043c\u0443 \u043e\u0440\u0438\u0435\u043d\u0442\u0438\u0440\u043e\u0432\u0430\u043d\u0438\u044e \u0432 \u0422\u0435\u0445\u0432\u0430\u043d\u0434\u0438\" \/>\n<meta property=\"og:url\" content=\"https:\/\/tartupoistekoor.ee\/ru\/tartuskij-hor-malchikov-i-hor-devushek-kurekell-23-02-2021-otkryli-chempionat-mira-po-lyzhnomu-orientirovaniyu-v-tehvandi\/\" \/>\n<meta property=\"og:site_name\" content=\"\u0422\u0430\u0440\u0442\u0443\u0441\u043a\u0438\u0439 \u0445\u043e\u0440 \u043c\u0430\u043b\u044c\u0447\u0438\u043a\u043e\u0432\" \/>\n<meta property=\"article:publisher\" content=\"https:\/\/www.facebook.com\/TartuPoistekoor\/\" \/>\n<meta property=\"article:published_time\" content=\"2021-02-25T13:57:10+00:00\" \/>\n<meta property=\"article:modified_time\" content=\"2025-12-05T16:27:00+00:00\" \/>\n<meta property=\"og:image\" content=\"https:\/\/tartupoistekoor.ee\/wp-content\/uploads\/2021\/02\/2021-02-23-19.24.38.jpg\" \/>\n\t<meta property=\"og:image:width\" content=\"1800\" \/>\n\t<meta property=\"og:image:height\" content=\"1200\" \/>\n\t<meta property=\"og:image:type\" content=\"image\/jpeg\" \/>\n<meta name=\"author\" content=\"Tartu Poistekoor\" \/>\n<meta name=\"twitter:card\" content=\"summary_large_image\" \/>\n<meta name=\"twitter:label1\" content=\"\u041d\u0430\u043f\u0438\u0441\u0430\u043d\u043e \u0430\u0432\u0442\u043e\u0440\u043e\u043c\" \/>\n\t<meta name=\"twitter:data1\" content=\"Tartu Poistekoor\" \/>\n\t<meta name=\"twitter:label2\" content=\"\u041f\u0440\u0438\u043c\u0435\u0440\u043d\u043e\u0435 \u0432\u0440\u0435\u043c\u044f \u0434\u043b\u044f \u0447\u0442\u0435\u043d\u0438\u044f\" \/>\n\t<meta name=\"twitter:data2\" content=\"2 \u043c\u0438\u043d\u0443\u0442\u044b\" \/>\n<script type=\"application\/ld+json\" class=\"yoast-schema-graph\">{\"@context\":\"https:\/\/schema.org\",\"@graph\":[{\"@type\":\"Article\",\"@id\":\"https:\/\/tartupoistekoor.ee\/ru\/tartuskij-hor-malchikov-i-hor-devushek-kurekell-23-02-2021-otkryli-chempionat-mira-po-lyzhnomu-orientirovaniyu-v-tehvandi\/#article\",\"isPartOf\":{\"@id\":\"https:\/\/tartupoistekoor.ee\/ru\/tartuskij-hor-malchikov-i-hor-devushek-kurekell-23-02-2021-otkryli-chempionat-mira-po-lyzhnomu-orientirovaniyu-v-tehvandi\/\"},\"author\":{\"name\":\"Tartu Poistekoor\",\"@id\":\"https:\/\/tartupoistekoor.ee\/ru\/#\/schema\/person\/31232bbe9475091e6e90da5d65434ac3\"},\"headline\":\"\u0422\u0430\u0440\u0442\u0443\u0441\u043a\u0438\u0439 \u0445\u043e\u0440 \u043c\u0430\u043b\u044c\u0447\u0438\u043a\u043e\u0432 \u0438 \u0445\u043e\u0440 \u0434\u0435\u0432\u0443\u0448\u0435\u043a \u00abKurekell\u00bb 23.02.2021 \u043e\u0442\u043a\u0440\u044b\u043b\u0438 \u0447\u0435\u043c\u043f\u0438\u043e\u043d\u0430\u0442 \u043c\u0438\u0440\u0430 \u043f\u043e \u043b\u044b\u0436\u043d\u043e\u043c\u0443 \u043e\u0440\u0438\u0435\u043d\u0442\u0438\u0440\u043e\u0432\u0430\u043d\u0438\u044e \u0432 \u0422\u0435\u0445\u0432\u0430\u043d\u0434\u0438\",\"datePublished\":\"2021-02-25T13:57:10+00:00\",\"dateModified\":\"2025-12-05T16:27:00+00:00\",\"mainEntityOfPage\":{\"@id\":\"https:\/\/tartupoistekoor.ee\/ru\/tartuskij-hor-malchikov-i-hor-devushek-kurekell-23-02-2021-otkryli-chempionat-mira-po-lyzhnomu-orientirovaniyu-v-tehvandi\/\"},\"wordCount\":360,\"publisher\":{\"@id\":\"https:\/\/tartupoistekoor.ee\/ru\/#organization\"},\"image\":{\"@id\":\"https:\/\/tartupoistekoor.ee\/ru\/tartuskij-hor-malchikov-i-hor-devushek-kurekell-23-02-2021-otkryli-chempionat-mira-po-lyzhnomu-orientirovaniyu-v-tehvandi\/#primaryimage\"},\"thumbnailUrl\":\"https:\/\/tartupoistekoor.ee\/wp-content\/uploads\/2021\/02\/2021-02-23-19.24.38.jpg\",\"articleSection\":[\"\u041d\u043e\u0432\u043e\u0441\u0442\u0438 \u0445\u043e\u0440\u0430\"],\"inLanguage\":\"ru-RU\"},{\"@type\":\"WebPage\",\"@id\":\"https:\/\/tartupoistekoor.ee\/ru\/tartuskij-hor-malchikov-i-hor-devushek-kurekell-23-02-2021-otkryli-chempionat-mira-po-lyzhnomu-orientirovaniyu-v-tehvandi\/\",\"url\":\"https:\/\/tartupoistekoor.ee\/ru\/tartuskij-hor-malchikov-i-hor-devushek-kurekell-23-02-2021-otkryli-chempionat-mira-po-lyzhnomu-orientirovaniyu-v-tehvandi\/\",\"name\":\"\u0422\u0430\u0440\u0442\u0443\u0441\u043a\u0438\u0439 \u0445\u043e\u0440 \u043c\u0430\u043b\u044c\u0447\u0438\u043a\u043e\u0432 \u0438 \u0445\u043e\u0440 \u0434\u0435\u0432\u0443\u0448\u0435\u043a \u00abKurekell\u00bb 23.02.2021 \u043e\u0442\u043a\u0440\u044b\u043b\u0438 \u0447\u0435\u043c\u043f\u0438\u043e\u043d\u0430\u0442 \u043c\u0438\u0440\u0430 \u043f\u043e \u043b\u044b\u0436\u043d\u043e\u043c\u0443 \u043e\u0440\u0438\u0435\u043d\u0442\u0438\u0440\u043e\u0432\u0430\u043d\u0438\u044e \u0432 \u0422\u0435\u0445\u0432\u0430\u043d\u0434\u0438 &#8211; \u0422\u0430\u0440\u0442\u0443\u0441\u043a\u0438\u0439 \u0445\u043e\u0440 \u043c\u0430\u043b\u044c\u0447\u0438\u043a\u043e\u0432\",\"isPartOf\":{\"@id\":\"https:\/\/tartupoistekoor.ee\/ru\/#website\"},\"primaryImageOfPage\":{\"@id\":\"https:\/\/tartupoistekoor.ee\/ru\/tartuskij-hor-malchikov-i-hor-devushek-kurekell-23-02-2021-otkryli-chempionat-mira-po-lyzhnomu-orientirovaniyu-v-tehvandi\/#primaryimage\"},\"image\":{\"@id\":\"https:\/\/tartupoistekoor.ee\/ru\/tartuskij-hor-malchikov-i-hor-devushek-kurekell-23-02-2021-otkryli-chempionat-mira-po-lyzhnomu-orientirovaniyu-v-tehvandi\/#primaryimage\"},\"thumbnailUrl\":\"https:\/\/tartupoistekoor.ee\/wp-content\/uploads\/2021\/02\/2021-02-23-19.24.38.jpg\",\"datePublished\":\"2021-02-25T13:57:10+00:00\",\"dateModified\":\"2025-12-05T16:27:00+00:00\",\"breadcrumb\":{\"@id\":\"https:\/\/tartupoistekoor.ee\/ru\/tartuskij-hor-malchikov-i-hor-devushek-kurekell-23-02-2021-otkryli-chempionat-mira-po-lyzhnomu-orientirovaniyu-v-tehvandi\/#breadcrumb\"},\"inLanguage\":\"ru-RU\",\"potentialAction\":[{\"@type\":\"ReadAction\",\"target\":[\"https:\/\/tartupoistekoor.ee\/ru\/tartuskij-hor-malchikov-i-hor-devushek-kurekell-23-02-2021-otkryli-chempionat-mira-po-lyzhnomu-orientirovaniyu-v-tehvandi\/\"]}]},{\"@type\":\"ImageObject\",\"inLanguage\":\"ru-RU\",\"@id\":\"https:\/\/tartupoistekoor.ee\/ru\/tartuskij-hor-malchikov-i-hor-devushek-kurekell-23-02-2021-otkryli-chempionat-mira-po-lyzhnomu-orientirovaniyu-v-tehvandi\/#primaryimage\",\"url\":\"https:\/\/tartupoistekoor.ee\/wp-content\/uploads\/2021\/02\/2021-02-23-19.24.38.jpg\",\"contentUrl\":\"https:\/\/tartupoistekoor.ee\/wp-content\/uploads\/2021\/02\/2021-02-23-19.24.38.jpg\",\"width\":1800,\"height\":1200},{\"@type\":\"BreadcrumbList\",\"@id\":\"https:\/\/tartupoistekoor.ee\/ru\/tartuskij-hor-malchikov-i-hor-devushek-kurekell-23-02-2021-otkryli-chempionat-mira-po-lyzhnomu-orientirovaniyu-v-tehvandi\/#breadcrumb\",\"itemListElement\":[{\"@type\":\"ListItem\",\"position\":1,\"name\":\"\u0413\u043b\u0430\u0432\u043d\u0430\u044f\",\"item\":\"https:\/\/tartupoistekoor.ee\/ru\/\"},{\"@type\":\"ListItem\",\"position\":2,\"name\":\"\u0422\u0430\u0440\u0442\u0443\u0441\u043a\u0438\u0439 \u0445\u043e\u0440 \u043c\u0430\u043b\u044c\u0447\u0438\u043a\u043e\u0432 \u0438 \u0445\u043e\u0440 \u0434\u0435\u0432\u0443\u0448\u0435\u043a \u00abKurekell\u00bb 23.02.2021 \u043e\u0442\u043a\u0440\u044b\u043b\u0438 \u0447\u0435\u043c\u043f\u0438\u043e\u043d\u0430\u0442 \u043c\u0438\u0440\u0430 \u043f\u043e \u043b\u044b\u0436\u043d\u043e\u043c\u0443 \u043e\u0440\u0438\u0435\u043d\u0442\u0438\u0440\u043e\u0432\u0430\u043d\u0438\u044e \u0432 \u0422\u0435\u0445\u0432\u0430\u043d\u0434\u0438\"}]},{\"@type\":\"WebSite\",\"@id\":\"https:\/\/tartupoistekoor.ee\/ru\/#website\",\"url\":\"https:\/\/tartupoistekoor.ee\/ru\/\",\"name\":\"\u0422\u0430\u0440\u0442\u0443\u0441\u043a\u0438\u0439 \u0445\u043e\u0440 \u043c\u0430\u043b\u044c\u0447\u0438\u043a\u043e\u0432\",\"description\":\"\",\"publisher\":{\"@id\":\"https:\/\/tartupoistekoor.ee\/ru\/#organization\"},\"potentialAction\":[{\"@type\":\"SearchAction\",\"target\":{\"@type\":\"EntryPoint\",\"urlTemplate\":\"https:\/\/tartupoistekoor.ee\/ru\/?s={search_term_string}\"},\"query-input\":{\"@type\":\"PropertyValueSpecification\",\"valueRequired\":true,\"valueName\":\"search_term_string\"}}],\"inLanguage\":\"ru-RU\"},{\"@type\":\"Organization\",\"@id\":\"https:\/\/tartupoistekoor.ee\/ru\/#organization\",\"name\":\"\u041e\/\u043e \u00ab\u0422\u0430\u0440\u0442\u0443\u0441\u043a\u0438\u0439 \u0445\u043e\u0440 \u043c\u0430\u043b\u044c\u0447\u0438\u043a\u043e\u0432 \u0438 \u0445\u043e\u0440 \u0434\u0435\u0432\u043e\u0447\u0435\u043a\u00bb \u041a\u0443\u0440\u0435\u043a\u0435\u043b\u043b\",\"url\":\"https:\/\/tartupoistekoor.ee\/ru\/\",\"logo\":{\"@type\":\"ImageObject\",\"inLanguage\":\"ru-RU\",\"@id\":\"https:\/\/tartupoistekoor.ee\/ru\/#\/schema\/logo\/image\/\",\"url\":\"https:\/\/tartupoistekoor.ee\/wp-content\/uploads\/2019\/10\/Poistekoor-logo-tekstiga.png\",\"contentUrl\":\"https:\/\/tartupoistekoor.ee\/wp-content\/uploads\/2019\/10\/Poistekoor-logo-tekstiga.png\",\"width\":217,\"height\":121,\"caption\":\"\u041e\/\u043e \u00ab\u0422\u0430\u0440\u0442\u0443\u0441\u043a\u0438\u0439 \u0445\u043e\u0440 \u043c\u0430\u043b\u044c\u0447\u0438\u043a\u043e\u0432 \u0438 \u0445\u043e\u0440 \u0434\u0435\u0432\u043e\u0447\u0435\u043a\u00bb \u041a\u0443\u0440\u0435\u043a\u0435\u043b\u043b\"},\"image\":{\"@id\":\"https:\/\/tartupoistekoor.ee\/ru\/#\/schema\/logo\/image\/\"},\"sameAs\":[\"https:\/\/www.facebook.com\/TartuPoistekoor\/\",\"https:\/\/www.instagram.com\/tartupoistekoor\/\",\"https:\/\/www.youtube.com\/channel\/UCW7MepGR7TNqkYdlk9fazEw\"]},{\"@type\":\"Person\",\"@id\":\"https:\/\/tartupoistekoor.ee\/ru\/#\/schema\/person\/31232bbe9475091e6e90da5d65434ac3\",\"name\":\"Tartu Poistekoor\",\"image\":{\"@type\":\"ImageObject\",\"inLanguage\":\"ru-RU\",\"@id\":\"https:\/\/tartupoistekoor.ee\/ru\/#\/schema\/person\/image\/\",\"url\":\"https:\/\/secure.gravatar.com\/avatar\/a8b57c8f8698d4ed0d9f20486e8d25b9ba14d817cddbbfea9c9b68607972cfe2?s=96&d=mm&r=g\",\"contentUrl\":\"https:\/\/secure.gravatar.com\/avatar\/a8b57c8f8698d4ed0d9f20486e8d25b9ba14d817cddbbfea9c9b68607972cfe2?s=96&d=mm&r=g\",\"caption\":\"Tartu Poistekoor\"}}]}<\/script>\n<!-- \/ Yoast SEO plugin. -->","yoast_head_json":{"title":"\u0422\u0430\u0440\u0442\u0443\u0441\u043a\u0438\u0439 \u0445\u043e\u0440 \u043c\u0430\u043b\u044c\u0447\u0438\u043a\u043e\u0432 \u0438 \u0445\u043e\u0440 \u0434\u0435\u0432\u0443\u0448\u0435\u043a \u00abKurekell\u00bb 23.02.2021 \u043e\u0442\u043a\u0440\u044b\u043b\u0438 \u0447\u0435\u043c\u043f\u0438\u043e\u043d\u0430\u0442 \u043c\u0438\u0440\u0430 \u043f\u043e \u043b\u044b\u0436\u043d\u043e\u043c\u0443 \u043e\u0440\u0438\u0435\u043d\u0442\u0438\u0440\u043e\u0432\u0430\u043d\u0438\u044e \u0432 \u0422\u0435\u0445\u0432\u0430\u043d\u0434\u0438 &#8211; \u0422\u0430\u0440\u0442\u0443\u0441\u043a\u0438\u0439 \u0445\u043e\u0440 \u043c\u0430\u043b\u044c\u0447\u0438\u043a\u043e\u0432","robots":{"index":"index","follow":"follow","max-snippet":"max-snippet:-1","max-image-preview":"max-image-preview:large","max-video-preview":"max-video-preview:-1"},"canonical":"https:\/\/tartupoistekoor.ee\/ru\/tartuskij-hor-malchikov-i-hor-devushek-kurekell-23-02-2021-otkryli-chempionat-mira-po-lyzhnomu-orientirovaniyu-v-tehvandi\/","og_locale":"ru_RU","og_type":"article","og_title":"\u0422\u0430\u0440\u0442\u0443\u0441\u043a\u0438\u0439 \u0445\u043e\u0440 \u043c\u0430\u043b\u044c\u0447\u0438\u043a\u043e\u0432 \u0438 \u0445\u043e\u0440 \u0434\u0435\u0432\u0443\u0448\u0435\u043a \u00abKurekell\u00bb 23.02.2021 \u043e\u0442\u043a\u0440\u044b\u043b\u0438 \u0447\u0435\u043c\u043f\u0438\u043e\u043d\u0430\u0442 \u043c\u0438\u0440\u0430 \u043f\u043e \u043b\u044b\u0436\u043d\u043e\u043c\u0443 \u043e\u0440\u0438\u0435\u043d\u0442\u0438\u0440\u043e\u0432\u0430\u043d\u0438\u044e \u0432 \u0422\u0435\u0445\u0432\u0430\u043d\u0434\u0438 &#8211; \u0422\u0430\u0440\u0442\u0443\u0441\u043a\u0438\u0439 \u0445\u043e\u0440 \u043c\u0430\u043b\u044c\u0447\u0438\u043a\u043e\u0432","og_description":"240 sportlast 17. riigist tervitati teostega \u201cMaailm heliseb\u201d artistilt Curly Strings, A.Tammeoru \u201cTalve\u00f6\u00f6\u201d ning Grease filmist tuntud l\u00f5punumbriga \u201cWe go together\u201d. Oma kohaloluga austasid sportlasi Eesti Orienteerumisliidu esindaja Sixten Sild, International Orienteering Federation esindaja Leho Haldna, Otep\u00e4\u00e4 vallavanem Jaanus Barkala ning Kultuuriministeeriumi delegatsioon. Avatseremoonial astus lisaks kooridele \u00fcles Eesti oma slackline maailmastaar Jaan Roose, kes&hellip;&nbsp;\u041f\u043e\u0434\u0440\u043e\u0431\u043d\u0435\u0435 &raquo;\u0422\u0430\u0440\u0442\u0443\u0441\u043a\u0438\u0439 \u0445\u043e\u0440 \u043c\u0430\u043b\u044c\u0447\u0438\u043a\u043e\u0432 \u0438 \u0445\u043e\u0440 \u0434\u0435\u0432\u0443\u0448\u0435\u043a \u00abKurekell\u00bb 23.02.2021 \u043e\u0442\u043a\u0440\u044b\u043b\u0438 \u0447\u0435\u043c\u043f\u0438\u043e\u043d\u0430\u0442 \u043c\u0438\u0440\u0430 \u043f\u043e \u043b\u044b\u0436\u043d\u043e\u043c\u0443 \u043e\u0440\u0438\u0435\u043d\u0442\u0438\u0440\u043e\u0432\u0430\u043d\u0438\u044e \u0432 \u0422\u0435\u0445\u0432\u0430\u043d\u0434\u0438","og_url":"https:\/\/tartupoistekoor.ee\/ru\/tartuskij-hor-malchikov-i-hor-devushek-kurekell-23-02-2021-otkryli-chempionat-mira-po-lyzhnomu-orientirovaniyu-v-tehvandi\/","og_site_name":"\u0422\u0430\u0440\u0442\u0443\u0441\u043a\u0438\u0439 \u0445\u043e\u0440 \u043c\u0430\u043b\u044c\u0447\u0438\u043a\u043e\u0432","article_publisher":"https:\/\/www.facebook.com\/TartuPoistekoor\/","article_published_time":"2021-02-25T13:57:10+00:00","article_modified_time":"2025-12-05T16:27:00+00:00","og_image":[{"width":1800,"height":1200,"url":"https:\/\/tartupoistekoor.ee\/wp-content\/uploads\/2021\/02\/2021-02-23-19.24.38.jpg","type":"image\/jpeg"}],"author":"Tartu Poistekoor","twitter_card":"summary_large_image","twitter_misc":{"\u041d\u0430\u043f\u0438\u0441\u0430\u043d\u043e \u0430\u0432\u0442\u043e\u0440\u043e\u043c":"Tartu Poistekoor","\u041f\u0440\u0438\u043c\u0435\u0440\u043d\u043e\u0435 \u0432\u0440\u0435\u043c\u044f \u0434\u043b\u044f \u0447\u0442\u0435\u043d\u0438\u044f":"2 \u043c\u0438\u043d\u0443\u0442\u044b"},"schema":{"@context":"https:\/\/schema.org","@graph":[{"@type":"Article","@id":"https:\/\/tartupoistekoor.ee\/ru\/tartuskij-hor-malchikov-i-hor-devushek-kurekell-23-02-2021-otkryli-chempionat-mira-po-lyzhnomu-orientirovaniyu-v-tehvandi\/#article","isPartOf":{"@id":"https:\/\/tartupoistekoor.ee\/ru\/tartuskij-hor-malchikov-i-hor-devushek-kurekell-23-02-2021-otkryli-chempionat-mira-po-lyzhnomu-orientirovaniyu-v-tehvandi\/"},"author":{"name":"Tartu Poistekoor","@id":"https:\/\/tartupoistekoor.ee\/ru\/#\/schema\/person\/31232bbe9475091e6e90da5d65434ac3"},"headline":"\u0422\u0430\u0440\u0442\u0443\u0441\u043a\u0438\u0439 \u0445\u043e\u0440 \u043c\u0430\u043b\u044c\u0447\u0438\u043a\u043e\u0432 \u0438 \u0445\u043e\u0440 \u0434\u0435\u0432\u0443\u0448\u0435\u043a \u00abKurekell\u00bb 23.02.2021 \u043e\u0442\u043a\u0440\u044b\u043b\u0438 \u0447\u0435\u043c\u043f\u0438\u043e\u043d\u0430\u0442 \u043c\u0438\u0440\u0430 \u043f\u043e \u043b\u044b\u0436\u043d\u043e\u043c\u0443 \u043e\u0440\u0438\u0435\u043d\u0442\u0438\u0440\u043e\u0432\u0430\u043d\u0438\u044e \u0432 \u0422\u0435\u0445\u0432\u0430\u043d\u0434\u0438","datePublished":"2021-02-25T13:57:10+00:00","dateModified":"2025-12-05T16:27:00+00:00","mainEntityOfPage":{"@id":"https:\/\/tartupoistekoor.ee\/ru\/tartuskij-hor-malchikov-i-hor-devushek-kurekell-23-02-2021-otkryli-chempionat-mira-po-lyzhnomu-orientirovaniyu-v-tehvandi\/"},"wordCount":360,"publisher":{"@id":"https:\/\/tartupoistekoor.ee\/ru\/#organization"},"image":{"@id":"https:\/\/tartupoistekoor.ee\/ru\/tartuskij-hor-malchikov-i-hor-devushek-kurekell-23-02-2021-otkryli-chempionat-mira-po-lyzhnomu-orientirovaniyu-v-tehvandi\/#primaryimage"},"thumbnailUrl":"https:\/\/tartupoistekoor.ee\/wp-content\/uploads\/2021\/02\/2021-02-23-19.24.38.jpg","articleSection":["\u041d\u043e\u0432\u043e\u0441\u0442\u0438 \u0445\u043e\u0440\u0430"],"inLanguage":"ru-RU"},{"@type":"WebPage","@id":"https:\/\/tartupoistekoor.ee\/ru\/tartuskij-hor-malchikov-i-hor-devushek-kurekell-23-02-2021-otkryli-chempionat-mira-po-lyzhnomu-orientirovaniyu-v-tehvandi\/","url":"https:\/\/tartupoistekoor.ee\/ru\/tartuskij-hor-malchikov-i-hor-devushek-kurekell-23-02-2021-otkryli-chempionat-mira-po-lyzhnomu-orientirovaniyu-v-tehvandi\/","name":"\u0422\u0430\u0440\u0442\u0443\u0441\u043a\u0438\u0439 \u0445\u043e\u0440 \u043c\u0430\u043b\u044c\u0447\u0438\u043a\u043e\u0432 \u0438 \u0445\u043e\u0440 \u0434\u0435\u0432\u0443\u0448\u0435\u043a \u00abKurekell\u00bb 23.02.2021 \u043e\u0442\u043a\u0440\u044b\u043b\u0438 \u0447\u0435\u043c\u043f\u0438\u043e\u043d\u0430\u0442 \u043c\u0438\u0440\u0430 \u043f\u043e \u043b\u044b\u0436\u043d\u043e\u043c\u0443 \u043e\u0440\u0438\u0435\u043d\u0442\u0438\u0440\u043e\u0432\u0430\u043d\u0438\u044e \u0432 \u0422\u0435\u0445\u0432\u0430\u043d\u0434\u0438 &#8211; \u0422\u0430\u0440\u0442\u0443\u0441\u043a\u0438\u0439 \u0445\u043e\u0440 \u043c\u0430\u043b\u044c\u0447\u0438\u043a\u043e\u0432","isPartOf":{"@id":"https:\/\/tartupoistekoor.ee\/ru\/#website"},"primaryImageOfPage":{"@id":"https:\/\/tartupoistekoor.ee\/ru\/tartuskij-hor-malchikov-i-hor-devushek-kurekell-23-02-2021-otkryli-chempionat-mira-po-lyzhnomu-orientirovaniyu-v-tehvandi\/#primaryimage"},"image":{"@id":"https:\/\/tartupoistekoor.ee\/ru\/tartuskij-hor-malchikov-i-hor-devushek-kurekell-23-02-2021-otkryli-chempionat-mira-po-lyzhnomu-orientirovaniyu-v-tehvandi\/#primaryimage"},"thumbnailUrl":"https:\/\/tartupoistekoor.ee\/wp-content\/uploads\/2021\/02\/2021-02-23-19.24.38.jpg","datePublished":"2021-02-25T13:57:10+00:00","dateModified":"2025-12-05T16:27:00+00:00","breadcrumb":{"@id":"https:\/\/tartupoistekoor.ee\/ru\/tartuskij-hor-malchikov-i-hor-devushek-kurekell-23-02-2021-otkryli-chempionat-mira-po-lyzhnomu-orientirovaniyu-v-tehvandi\/#breadcrumb"},"inLanguage":"ru-RU","potentialAction":[{"@type":"ReadAction","target":["https:\/\/tartupoistekoor.ee\/ru\/tartuskij-hor-malchikov-i-hor-devushek-kurekell-23-02-2021-otkryli-chempionat-mira-po-lyzhnomu-orientirovaniyu-v-tehvandi\/"]}]},{"@type":"ImageObject","inLanguage":"ru-RU","@id":"https:\/\/tartupoistekoor.ee\/ru\/tartuskij-hor-malchikov-i-hor-devushek-kurekell-23-02-2021-otkryli-chempionat-mira-po-lyzhnomu-orientirovaniyu-v-tehvandi\/#primaryimage","url":"https:\/\/tartupoistekoor.ee\/wp-content\/uploads\/2021\/02\/2021-02-23-19.24.38.jpg","contentUrl":"https:\/\/tartupoistekoor.ee\/wp-content\/uploads\/2021\/02\/2021-02-23-19.24.38.jpg","width":1800,"height":1200},{"@type":"BreadcrumbList","@id":"https:\/\/tartupoistekoor.ee\/ru\/tartuskij-hor-malchikov-i-hor-devushek-kurekell-23-02-2021-otkryli-chempionat-mira-po-lyzhnomu-orientirovaniyu-v-tehvandi\/#breadcrumb","itemListElement":[{"@type":"ListItem","position":1,"name":"\u0413\u043b\u0430\u0432\u043d\u0430\u044f","item":"https:\/\/tartupoistekoor.ee\/ru\/"},{"@type":"ListItem","position":2,"name":"\u0422\u0430\u0440\u0442\u0443\u0441\u043a\u0438\u0439 \u0445\u043e\u0440 \u043c\u0430\u043b\u044c\u0447\u0438\u043a\u043e\u0432 \u0438 \u0445\u043e\u0440 \u0434\u0435\u0432\u0443\u0448\u0435\u043a \u00abKurekell\u00bb 23.02.2021 \u043e\u0442\u043a\u0440\u044b\u043b\u0438 \u0447\u0435\u043c\u043f\u0438\u043e\u043d\u0430\u0442 \u043c\u0438\u0440\u0430 \u043f\u043e \u043b\u044b\u0436\u043d\u043e\u043c\u0443 \u043e\u0440\u0438\u0435\u043d\u0442\u0438\u0440\u043e\u0432\u0430\u043d\u0438\u044e \u0432 \u0422\u0435\u0445\u0432\u0430\u043d\u0434\u0438"}]},{"@type":"WebSite","@id":"https:\/\/tartupoistekoor.ee\/ru\/#website","url":"https:\/\/tartupoistekoor.ee\/ru\/","name":"\u0422\u0430\u0440\u0442\u0443\u0441\u043a\u0438\u0439 \u0445\u043e\u0440 \u043c\u0430\u043b\u044c\u0447\u0438\u043a\u043e\u0432","description":"","publisher":{"@id":"https:\/\/tartupoistekoor.ee\/ru\/#organization"},"potentialAction":[{"@type":"SearchAction","target":{"@type":"EntryPoint","urlTemplate":"https:\/\/tartupoistekoor.ee\/ru\/?s={search_term_string}"},"query-input":{"@type":"PropertyValueSpecification","valueRequired":true,"valueName":"search_term_string"}}],"inLanguage":"ru-RU"},{"@type":"Organization","@id":"https:\/\/tartupoistekoor.ee\/ru\/#organization","name":"\u041e\/\u043e \u00ab\u0422\u0430\u0440\u0442\u0443\u0441\u043a\u0438\u0439 \u0445\u043e\u0440 \u043c\u0430\u043b\u044c\u0447\u0438\u043a\u043e\u0432 \u0438 \u0445\u043e\u0440 \u0434\u0435\u0432\u043e\u0447\u0435\u043a\u00bb \u041a\u0443\u0440\u0435\u043a\u0435\u043b\u043b","url":"https:\/\/tartupoistekoor.ee\/ru\/","logo":{"@type":"ImageObject","inLanguage":"ru-RU","@id":"https:\/\/tartupoistekoor.ee\/ru\/#\/schema\/logo\/image\/","url":"https:\/\/tartupoistekoor.ee\/wp-content\/uploads\/2019\/10\/Poistekoor-logo-tekstiga.png","contentUrl":"https:\/\/tartupoistekoor.ee\/wp-content\/uploads\/2019\/10\/Poistekoor-logo-tekstiga.png","width":217,"height":121,"caption":"\u041e\/\u043e \u00ab\u0422\u0430\u0440\u0442\u0443\u0441\u043a\u0438\u0439 \u0445\u043e\u0440 \u043c\u0430\u043b\u044c\u0447\u0438\u043a\u043e\u0432 \u0438 \u0445\u043e\u0440 \u0434\u0435\u0432\u043e\u0447\u0435\u043a\u00bb \u041a\u0443\u0440\u0435\u043a\u0435\u043b\u043b"},"image":{"@id":"https:\/\/tartupoistekoor.ee\/ru\/#\/schema\/logo\/image\/"},"sameAs":["https:\/\/www.facebook.com\/TartuPoistekoor\/","https:\/\/www.instagram.com\/tartupoistekoor\/","https:\/\/www.youtube.com\/channel\/UCW7MepGR7TNqkYdlk9fazEw"]},{"@type":"Person","@id":"https:\/\/tartupoistekoor.ee\/ru\/#\/schema\/person\/31232bbe9475091e6e90da5d65434ac3","name":"Tartu Poistekoor","image":{"@type":"ImageObject","inLanguage":"ru-RU","@id":"https:\/\/tartupoistekoor.ee\/ru\/#\/schema\/person\/image\/","url":"https:\/\/secure.gravatar.com\/avatar\/a8b57c8f8698d4ed0d9f20486e8d25b9ba14d817cddbbfea9c9b68607972cfe2?s=96&d=mm&r=g","contentUrl":"https:\/\/secure.gravatar.com\/avatar\/a8b57c8f8698d4ed0d9f20486e8d25b9ba14d817cddbbfea9c9b68607972cfe2?s=96&d=mm&r=g","caption":"Tartu Poistekoor"}}]}},"publishpress_future_action":{"enabled":false,"date":"2026-05-09 06:34:37","action":"change-status","newStatus":"draft","terms":[],"taxonomy":"category","extraData":[]},"publishpress_future_workflow_manual_trigger":{"enabledWorkflows":[]},"_links":{"self":[{"href":"https:\/\/tartupoistekoor.ee\/ru\/wp-json\/wp\/v2\/posts\/21737","targetHints":{"allow":["GET"]}}],"collection":[{"href":"https:\/\/tartupoistekoor.ee\/ru\/wp-json\/wp\/v2\/posts"}],"about":[{"href":"https:\/\/tartupoistekoor.ee\/ru\/wp-json\/wp\/v2\/types\/post"}],"author":[{"embeddable":true,"href":"https:\/\/tartupoistekoor.ee\/ru\/wp-json\/wp\/v2\/users\/11"}],"replies":[{"embeddable":true,"href":"https:\/\/tartupoistekoor.ee\/ru\/wp-json\/wp\/v2\/comments?post=21737"}],"version-history":[{"count":1,"href":"https:\/\/tartupoistekoor.ee\/ru\/wp-json\/wp\/v2\/posts\/21737\/revisions"}],"predecessor-version":[{"id":21739,"href":"https:\/\/tartupoistekoor.ee\/ru\/wp-json\/wp\/v2\/posts\/21737\/revisions\/21739"}],"wp:featuredmedia":[{"embeddable":true,"href":"https:\/\/tartupoistekoor.ee\/ru\/wp-json\/wp\/v2\/media\/16358"}],"wp:attachment":[{"href":"https:\/\/tartupoistekoor.ee\/ru\/wp-json\/wp\/v2\/media?parent=21737"}],"wp:term":[{"taxonomy":"category","embeddable":true,"href":"https:\/\/tartupoistekoor.ee\/ru\/wp-json\/wp\/v2\/categories?post=21737"},{"taxonomy":"post_tag","embeddable":true,"href":"https:\/\/tartupoistekoor.ee\/ru\/wp-json\/wp\/v2\/tags?post=21737"}],"curies":[{"name":"wp","href":"https:\/\/api.w.org\/{rel}","templated":true}]}}